{"id":7213,"date":"2023-05-04T09:00:48","date_gmt":"2023-05-04T08:00:48","guid":{"rendered":"https:\/\/lacoma.com\/obtenim-la-certificacio-iso-50001-pel-nostre-sistema-de-gestio-de-lenergia\/"},"modified":"2023-05-31T13:11:33","modified_gmt":"2023-05-31T12:11:33","slug":"certificacio-iso-50001-sistema-de-gestio-de-lenergia","status":"publish","type":"post","link":"https:\/\/lacoma.com\/ca\/certificacio-iso-50001-sistema-de-gestio-de-lenergia\/","title":{"rendered":"Obtenim la certificaci\u00f3 ISO 50001 pel nostre Sistema de Gesti\u00f3 de l&#8217;Energia"},"content":{"rendered":"<div class=\"fusion-fullwidth fullwidth-box fusion-builder-row-1 fusion-flex-container nonhundred-percent-fullwidth non-hundred-percent-height-scrolling\" style=\"--awb-border-radius-top-left:0px;--awb-border-radius-top-right:0px;--awb-border-radius-bottom-right:0px;--awb-border-radius-bottom-left:0px;--awb-flex-wrap:wrap;\" ><div class=\"fusion-builder-row fusion-row fusion-flex-align-items-flex-start fusion-flex-content-wrap\" style=\"max-width:1320.8px;margin-left: calc(-4% \/ 2 );margin-right: calc(-4% \/ 2 );\"><div class=\"fusion-layout-column fusion_builder_column fusion-builder-column-0 fusion_builder_column_1_1 1_1 fusion-flex-column\" style=\"--awb-bg-size:cover;--awb-width-large:100%;--awb-margin-top-large:0px;--awb-spacing-right-large:1.92%;--awb-margin-bottom-large:0px;--awb-spacing-left-large:1.92%;--awb-width-medium:100%;--awb-spacing-right-medium:1.92%;--awb-spacing-left-medium:1.92%;--awb-width-small:100%;--awb-spacing-right-small:1.92%;--awb-spacing-left-small:1.92%;\"><div class=\"fusion-column-wrapper fusion-flex-justify-content-flex-start fusion-content-layout-column\"><div class=\"fusion-text fusion-text-1\"><p><em>Sent una de les poques empreses del sector del ma\u00f3 i els blocs cer\u00e0mics del pa\u00eds en obtenir-la.<\/em><\/p>\n<p><!--more--><\/p>\n<p>Hem aconseguit recentment una nova certificaci\u00f3 per la nostra gesti\u00f3 eficient i sostenible de l&#8217;energia. Es tracta de l&#8217;ISO 50001, certificada per Bureau Veritas, pel nostre Sistema de Gesti\u00f3 de l&#8217;Energia que garanteix la millora del desenvolupament energ\u00e8tic de l&#8217;empresa.<\/p>\n<p>Una fita que es troba dins dels objectius de l&#8217;estrat\u00e8gia de Cer\u00e1mica La Coma com a empresa electrointensiva i gasintensiva. En aquest sentit, el Sistema de Gesti\u00f3 de l&#8217;Energia est\u00e0 plantejat per a aconseguir els compromisos energ\u00e8tics subscrits a trav\u00e9s de la implantaci\u00f3 d&#8217;una pol\u00edtica energ\u00e8tica i la bona gesti\u00f3 dels processos energ\u00e8tics.<\/p>\n<p>Cal destacar que la norma ISO 50001 \u00e9s d&#8217;aplicaci\u00f3 volunt\u00e0ria i serveix d&#8217;instrument per a aconseguir la millora cont\u00ednua de l&#8217;efici\u00e8ncia energ\u00e8tica. Aquesta normativa se suma a les que ja tenia l&#8217;empresa, com l&#8217;ISO 14001, de gesti\u00f3 ambiental, i l&#8217;ISO 9001, de gesti\u00f3 de la qualitat.<\/p>\n<p>A part de l&#8217;objectiu de ser m\u00e9s eficients energ\u00e8ticament en tots els aspectes, es dona compliment al requisit, com a consumidors electrointensius, de disposar d&#8217;un Sistema de Gesti\u00f3 Energ\u00e8tica (SGE), regulat pel Reial decret 1106\/2020, de 15 de desembre, pel qual es regula l&#8217;Estatut dels consumidors electrointensius.<\/p>\n<\/div><\/div><\/div><\/div><\/div>\n","protected":false},"excerpt":{"rendered":"<p>Sent una de les poques empreses del sector del ma\u00f3 i els blocs cer\u00e0mics del pa\u00eds en obtenir-la.<\/p>\n","protected":false},"author":1,"featured_media":7210,"comment_status":"open","ping_status":"open","sticky":false,"template":"","format":"standard","meta":{"_acf_changed":false,"footnotes":""},"categories":[153],"tags":[],"class_list":["post-7213","post","type-post","status-publish","format-standard","has-post-thumbnail","hentry","category-certificats"],"acf":[],"_links":{"self":[{"href":"https:\/\/lacoma.com\/ca\/wp-json\/wp\/v2\/posts\/7213","targetHints":{"allow":["GET"]}}],"collection":[{"href":"https:\/\/lacoma.com\/ca\/wp-json\/wp\/v2\/posts"}],"about":[{"href":"https:\/\/lacoma.com\/ca\/wp-json\/wp\/v2\/types\/post"}],"author":[{"embeddable":true,"href":"https:\/\/lacoma.com\/ca\/wp-json\/wp\/v2\/users\/1"}],"replies":[{"embeddable":true,"href":"https:\/\/lacoma.com\/ca\/wp-json\/wp\/v2\/comments?post=7213"}],"version-history":[{"count":0,"href":"https:\/\/lacoma.com\/ca\/wp-json\/wp\/v2\/posts\/7213\/revisions"}],"wp:featuredmedia":[{"embeddable":true,"href":"https:\/\/lacoma.com\/ca\/wp-json\/wp\/v2\/media\/7210"}],"wp:attachment":[{"href":"https:\/\/lacoma.com\/ca\/wp-json\/wp\/v2\/media?parent=7213"}],"wp:term":[{"taxonomy":"category","embeddable":true,"href":"https:\/\/lacoma.com\/ca\/wp-json\/wp\/v2\/categories?post=7213"},{"taxonomy":"post_tag","embeddable":true,"href":"https:\/\/lacoma.com\/ca\/wp-json\/wp\/v2\/tags?post=7213"}],"curies":[{"name":"wp","href":"https:\/\/api.w.org\/{rel}","templated":true}]}}