{"id":7128,"date":"2023-02-15T10:42:05","date_gmt":"2023-02-15T09:42:05","guid":{"rendered":"https:\/\/lacoma.com\/collaborem-amb-la-mitja-marato-21k-de-balaguer\/"},"modified":"2023-02-15T10:42:05","modified_gmt":"2023-02-15T09:42:05","slug":"collaborem-amb-la-mitja-marato-21k-de-balaguer","status":"publish","type":"post","link":"https:\/\/lacoma.com\/ca\/collaborem-amb-la-mitja-marato-21k-de-balaguer\/","title":{"rendered":"Col\u00b7laborem amb la Mitja Marat\u00f3 21k de Balaguer"},"content":{"rendered":"<p>La Mitja Marat\u00f3 de Balaguer organitzada per <a href=\"https:\/\/www.runners.cat\/\" target=\"_blank\" rel=\"noopener\">Runners&#8217;s Balaguer<\/a> torna a la normalitat en la seva 34 edici\u00f3 amb tres distancies (21k, 10k y 5k) amb un preci\u00f3s recorregut d&#8217;anada i tornada fins a Sant Lloren\u00e7 de Montgai passant per Gerb.<\/p>\n<p><!--more--><\/p>\n<p><img decoding=\"async\" class=\"aligncenter wp-image-7104 size-fusion-600\" src=\"https:\/\/lacoma.com\/wp-content\/uploads\/2023\/02\/IMG_8765-600x400.jpg\" alt=\"\" width=\"600\" height=\"400\" srcset=\"https:\/\/lacoma.com\/wp-content\/uploads\/2023\/02\/IMG_8765-200x133.jpg 200w, https:\/\/lacoma.com\/wp-content\/uploads\/2023\/02\/IMG_8765-300x200.jpg 300w, https:\/\/lacoma.com\/wp-content\/uploads\/2023\/02\/IMG_8765-400x267.jpg 400w, https:\/\/lacoma.com\/wp-content\/uploads\/2023\/02\/IMG_8765-600x400.jpg 600w, https:\/\/lacoma.com\/wp-content\/uploads\/2023\/02\/IMG_8765-768x512.jpg 768w, https:\/\/lacoma.com\/wp-content\/uploads\/2023\/02\/IMG_8765-800x533.jpg 800w, https:\/\/lacoma.com\/wp-content\/uploads\/2023\/02\/IMG_8765-1024x683.jpg 1024w, https:\/\/lacoma.com\/wp-content\/uploads\/2023\/02\/IMG_8765.jpg 1200w\" sizes=\"(max-width: 600px) 100vw, 600px\" \/><img decoding=\"async\" class=\"aligncenter wp-image-7106 size-fusion-600\" src=\"https:\/\/lacoma.com\/wp-content\/uploads\/2023\/02\/330811497_595522785773014_4802094972065458309_n-e1676453607225-600x645.jpg\" alt=\"\" width=\"600\" height=\"645\" srcset=\"https:\/\/lacoma.com\/wp-content\/uploads\/2023\/02\/330811497_595522785773014_4802094972065458309_n-e1676453607225-200x215.jpg 200w, https:\/\/lacoma.com\/wp-content\/uploads\/2023\/02\/330811497_595522785773014_4802094972065458309_n-e1676453607225-279x300.jpg 279w, https:\/\/lacoma.com\/wp-content\/uploads\/2023\/02\/330811497_595522785773014_4802094972065458309_n-e1676453607225-400x430.jpg 400w, https:\/\/lacoma.com\/wp-content\/uploads\/2023\/02\/330811497_595522785773014_4802094972065458309_n-e1676453607225-600x645.jpg 600w, https:\/\/lacoma.com\/wp-content\/uploads\/2023\/02\/330811497_595522785773014_4802094972065458309_n-e1676453607225-768x825.jpg 768w, https:\/\/lacoma.com\/wp-content\/uploads\/2023\/02\/330811497_595522785773014_4802094972065458309_n-e1676453607225-800x859.jpg 800w, https:\/\/lacoma.com\/wp-content\/uploads\/2023\/02\/330811497_595522785773014_4802094972065458309_n-e1676453607225-953x1024.jpg 953w, https:\/\/lacoma.com\/wp-content\/uploads\/2023\/02\/330811497_595522785773014_4802094972065458309_n-e1676453607225-1200x1289.jpg 1200w, https:\/\/lacoma.com\/wp-content\/uploads\/2023\/02\/330811497_595522785773014_4802094972065458309_n-e1676453607225.jpg 1320w\" sizes=\"(max-width: 600px) 100vw, 600px\" \/><\/p>\n<p>En aquesta ocasi\u00f3 desde Cer\u00e0mica La Coma col\u00b7laborem com a sponsor de l&#8217;event i a m\u00e9s a m\u00e9s hem entregat una braga tapacolls de gran qualitat a tots els finalistes amb podi en totes les categories.<\/p>\n<p><img decoding=\"async\" class=\"aligncenter wp-image-7112 size-fusion-600\" src=\"https:\/\/lacoma.com\/wp-content\/uploads\/2023\/02\/IMG_8594-600x400.jpg\" alt=\"\" width=\"600\" height=\"400\" srcset=\"https:\/\/lacoma.com\/wp-content\/uploads\/2023\/02\/IMG_8594-200x133.jpg 200w, https:\/\/lacoma.com\/wp-content\/uploads\/2023\/02\/IMG_8594-300x200.jpg 300w, https:\/\/lacoma.com\/wp-content\/uploads\/2023\/02\/IMG_8594-400x267.jpg 400w, https:\/\/lacoma.com\/wp-content\/uploads\/2023\/02\/IMG_8594-600x400.jpg 600w, https:\/\/lacoma.com\/wp-content\/uploads\/2023\/02\/IMG_8594-768x512.jpg 768w, https:\/\/lacoma.com\/wp-content\/uploads\/2023\/02\/IMG_8594-800x533.jpg 800w, https:\/\/lacoma.com\/wp-content\/uploads\/2023\/02\/IMG_8594-1024x683.jpg 1024w, https:\/\/lacoma.com\/wp-content\/uploads\/2023\/02\/IMG_8594.jpg 1200w\" sizes=\"(max-width: 600px) 100vw, 600px\" \/><\/p>\n<p>El circuit de 21k, va ser molt competitiu i homologat per la Federaci\u00f3 Catalana d&#8217;Atletisme, i l&#8217;event en total va reunir a mig miler de participants comptant amb la presencia de corredores de la talla del subcampi\u00f3 d&#8217;Europa de 50km que va acabar guanyant la prova i altres com Lamin Muhammad, Xavier Tomassa i el local Aleix Sierra i en categoria femenina Elisabet Martin i Katherine Chaplin.<\/p>\n\n\t\t<style type=\"text\/css\">\n\t\t\t#gallery-1 {\n\t\t\t\tmargin: auto;\n\t\t\t}\n\t\t\t#gallery-1 .gallery-item {\n\t\t\t\tfloat: left;\n\t\t\t\tmargin-top: 10px;\n\t\t\t\ttext-align: center;\n\t\t\t\twidth: 25%;\n\t\t\t}\n\t\t\t#gallery-1 img {\n\t\t\t\tborder: 2px solid #cfcfcf;\n\t\t\t}\n\t\t\t#gallery-1 .gallery-caption {\n\t\t\t\tmargin-left: 0;\n\t\t\t}\n\t\t\t\/* see gallery_shortcode() in wp-includes\/media.php *\/\n\t\t<\/style>\n\t\t<div id='gallery-1' class='gallery galleryid-7128 gallery-columns-4 gallery-size-thumbnail'><dl class='gallery-item'>\n\t\t\t<dt class='gallery-icon portrait'>\n\t\t\t\t<a data-rel=\"iLightbox[postimages]\" data-title=\"330811497_595522785773014_4802094972065458309_n\" data-caption=\"\" href=\"https:\/\/lacoma.com\/wp-content\/uploads\/2023\/02\/330811497_595522785773014_4802094972065458309_n-e1676453607225.jpg\"><img decoding=\"async\" width=\"150\" height=\"150\" src=\"https:\/\/lacoma.com\/wp-content\/uploads\/2023\/02\/330811497_595522785773014_4802094972065458309_n-150x150.jpg\" class=\"attachment-thumbnail size-thumbnail\" alt=\"\" srcset=\"https:\/\/lacoma.com\/wp-content\/uploads\/2023\/02\/330811497_595522785773014_4802094972065458309_n-66x66.jpg 66w, https:\/\/lacoma.com\/wp-content\/uploads\/2023\/02\/330811497_595522785773014_4802094972065458309_n-150x150.jpg 150w\" sizes=\"(max-width: 150px) 100vw, 150px\" \/><\/a>\n\t\t\t<\/dt><\/dl><dl class='gallery-item'>\n\t\t\t<dt class='gallery-icon landscape'>\n\t\t\t\t<a data-rel=\"iLightbox[postimages]\" data-title=\"IMG_7137\" data-caption=\"\" href=\"https:\/\/lacoma.com\/wp-content\/uploads\/2023\/02\/IMG_7137.jpg\"><img decoding=\"async\" width=\"150\" height=\"150\" src=\"https:\/\/lacoma.com\/wp-content\/uploads\/2023\/02\/IMG_7137-150x150.jpg\" class=\"attachment-thumbnail size-thumbnail\" alt=\"\" srcset=\"https:\/\/lacoma.com\/wp-content\/uploads\/2023\/02\/IMG_7137-66x66.jpg 66w, https:\/\/lacoma.com\/wp-content\/uploads\/2023\/02\/IMG_7137-150x150.jpg 150w\" sizes=\"(max-width: 150px) 100vw, 150px\" \/><\/a>\n\t\t\t<\/dt><\/dl><dl class='gallery-item'>\n\t\t\t<dt class='gallery-icon landscape'>\n\t\t\t\t<a data-rel=\"iLightbox[postimages]\" data-title=\"IMG_8541\" data-caption=\"\" href=\"https:\/\/lacoma.com\/wp-content\/uploads\/2023\/02\/IMG_8541.jpg\"><img decoding=\"async\" width=\"150\" height=\"150\" src=\"https:\/\/lacoma.com\/wp-content\/uploads\/2023\/02\/IMG_8541-150x150.jpg\" class=\"attachment-thumbnail size-thumbnail\" alt=\"\" srcset=\"https:\/\/lacoma.com\/wp-content\/uploads\/2023\/02\/IMG_8541-66x66.jpg 66w, https:\/\/lacoma.com\/wp-content\/uploads\/2023\/02\/IMG_8541-150x150.jpg 150w\" sizes=\"(max-width: 150px) 100vw, 150px\" \/><\/a>\n\t\t\t<\/dt><\/dl><dl class='gallery-item'>\n\t\t\t<dt class='gallery-icon landscape'>\n\t\t\t\t<a data-rel=\"iLightbox[postimages]\" data-title=\"IMG_8594\" data-caption=\"\" href=\"https:\/\/lacoma.com\/wp-content\/uploads\/2023\/02\/IMG_8594.jpg\"><img decoding=\"async\" width=\"150\" height=\"150\" src=\"https:\/\/lacoma.com\/wp-content\/uploads\/2023\/02\/IMG_8594-150x150.jpg\" class=\"attachment-thumbnail size-thumbnail\" alt=\"\" srcset=\"https:\/\/lacoma.com\/wp-content\/uploads\/2023\/02\/IMG_8594-66x66.jpg 66w, https:\/\/lacoma.com\/wp-content\/uploads\/2023\/02\/IMG_8594-150x150.jpg 150w\" sizes=\"(max-width: 150px) 100vw, 150px\" \/><\/a>\n\t\t\t<\/dt><\/dl><br style=\"clear: both\" \/><dl class='gallery-item'>\n\t\t\t<dt class='gallery-icon landscape'>\n\t\t\t\t<a data-rel=\"iLightbox[postimages]\" data-title=\"IMG_8682\" data-caption=\"\" href=\"https:\/\/lacoma.com\/wp-content\/uploads\/2023\/02\/IMG_8682.jpg\"><img decoding=\"async\" width=\"150\" height=\"150\" src=\"https:\/\/lacoma.com\/wp-content\/uploads\/2023\/02\/IMG_8682-150x150.jpg\" class=\"attachment-thumbnail size-thumbnail\" alt=\"\" srcset=\"https:\/\/lacoma.com\/wp-content\/uploads\/2023\/02\/IMG_8682-66x66.jpg 66w, https:\/\/lacoma.com\/wp-content\/uploads\/2023\/02\/IMG_8682-150x150.jpg 150w\" sizes=\"(max-width: 150px) 100vw, 150px\" \/><\/a>\n\t\t\t<\/dt><\/dl><dl class='gallery-item'>\n\t\t\t<dt class='gallery-icon landscape'>\n\t\t\t\t<a data-rel=\"iLightbox[postimages]\" data-title=\"IMG_9992\" data-caption=\"\" href=\"https:\/\/lacoma.com\/wp-content\/uploads\/2023\/02\/IMG_9992.jpg\"><img decoding=\"async\" width=\"150\" height=\"150\" src=\"https:\/\/lacoma.com\/wp-content\/uploads\/2023\/02\/IMG_9992-150x150.jpg\" class=\"attachment-thumbnail size-thumbnail\" alt=\"\" srcset=\"https:\/\/lacoma.com\/wp-content\/uploads\/2023\/02\/IMG_9992-66x66.jpg 66w, https:\/\/lacoma.com\/wp-content\/uploads\/2023\/02\/IMG_9992-150x150.jpg 150w\" sizes=\"(max-width: 150px) 100vw, 150px\" \/><\/a>\n\t\t\t<\/dt><\/dl><dl class='gallery-item'>\n\t\t\t<dt class='gallery-icon landscape'>\n\t\t\t\t<a data-rel=\"iLightbox[postimages]\" data-title=\"IMG_9999_2 (113)\" data-caption=\"\" href=\"https:\/\/lacoma.com\/wp-content\/uploads\/2023\/02\/IMG_9999_2-113.jpg\"><img decoding=\"async\" width=\"150\" height=\"150\" src=\"https:\/\/lacoma.com\/wp-content\/uploads\/2023\/02\/IMG_9999_2-113-150x150.jpg\" class=\"attachment-thumbnail size-thumbnail\" alt=\"\" srcset=\"https:\/\/lacoma.com\/wp-content\/uploads\/2023\/02\/IMG_9999_2-113-66x66.jpg 66w, https:\/\/lacoma.com\/wp-content\/uploads\/2023\/02\/IMG_9999_2-113-150x150.jpg 150w\" sizes=\"(max-width: 150px) 100vw, 150px\" \/><\/a>\n\t\t\t<\/dt><\/dl><dl class='gallery-item'>\n\t\t\t<dt class='gallery-icon landscape'>\n\t\t\t\t<a data-rel=\"iLightbox[postimages]\" data-title=\"IMG_9999_2 (240)\" data-caption=\"\" href=\"https:\/\/lacoma.com\/wp-content\/uploads\/2023\/02\/IMG_9999_2-240.jpg\"><img decoding=\"async\" width=\"150\" height=\"150\" src=\"https:\/\/lacoma.com\/wp-content\/uploads\/2023\/02\/IMG_9999_2-240-150x150.jpg\" class=\"attachment-thumbnail size-thumbnail\" alt=\"\" srcset=\"https:\/\/lacoma.com\/wp-content\/uploads\/2023\/02\/IMG_9999_2-240-66x66.jpg 66w, https:\/\/lacoma.com\/wp-content\/uploads\/2023\/02\/IMG_9999_2-240-150x150.jpg 150w\" sizes=\"(max-width: 150px) 100vw, 150px\" \/><\/a>\n\t\t\t<\/dt><\/dl><br style=\"clear: both\" \/><dl class='gallery-item'>\n\t\t\t<dt class='gallery-icon landscape'>\n\t\t\t\t<a data-rel=\"iLightbox[postimages]\" data-title=\"IMG_9961\" data-caption=\"\" href=\"https:\/\/lacoma.com\/wp-content\/uploads\/2023\/02\/IMG_9961.jpg\"><img decoding=\"async\" width=\"150\" height=\"150\" src=\"https:\/\/lacoma.com\/wp-content\/uploads\/2023\/02\/IMG_9961-150x150.jpg\" class=\"attachment-thumbnail size-thumbnail\" alt=\"\" srcset=\"https:\/\/lacoma.com\/wp-content\/uploads\/2023\/02\/IMG_9961-66x66.jpg 66w, https:\/\/lacoma.com\/wp-content\/uploads\/2023\/02\/IMG_9961-150x150.jpg 150w\" sizes=\"(max-width: 150px) 100vw, 150px\" \/><\/a>\n\t\t\t<\/dt><\/dl>\n\t\t\t<br style='clear: both' \/>\n\t\t<\/div>\n\n","protected":false},"excerpt":{"rendered":"<p>La Mitja Marat\u00f3 de Balaguer organitzada per Runners&#8217;s Balaguer torna a la normalitat en la seva 34 edici\u00f3 amb tres distancies (21k, 10k y 5k) amb un preci\u00f3s recorregut d&#8217;anada i tornada fins a Sant Lloren\u00e7 de Montgai passant per Gerb.<\/p>\n","protected":false},"author":1,"featured_media":7105,"comment_status":"open","ping_status":"open","sticky":false,"template":"","format":"standard","meta":{"_acf_changed":false,"footnotes":""},"categories":[150],"tags":[],"class_list":["post-7128","post","type-post","status-publish","format-standard","has-post-thumbnail","hentry","category-fires-i-esdeveniments"],"acf":[],"_links":{"self":[{"href":"https:\/\/lacoma.com\/ca\/wp-json\/wp\/v2\/posts\/7128","targetHints":{"allow":["GET"]}}],"collection":[{"href":"https:\/\/lacoma.com\/ca\/wp-json\/wp\/v2\/posts"}],"about":[{"href":"https:\/\/lacoma.com\/ca\/wp-json\/wp\/v2\/types\/post"}],"author":[{"embeddable":true,"href":"https:\/\/lacoma.com\/ca\/wp-json\/wp\/v2\/users\/1"}],"replies":[{"embeddable":true,"href":"https:\/\/lacoma.com\/ca\/wp-json\/wp\/v2\/comments?post=7128"}],"version-history":[{"count":0,"href":"https:\/\/lacoma.com\/ca\/wp-json\/wp\/v2\/posts\/7128\/revisions"}],"wp:featuredmedia":[{"embeddable":true,"href":"https:\/\/lacoma.com\/ca\/wp-json\/wp\/v2\/media\/7105"}],"wp:attachment":[{"href":"https:\/\/lacoma.com\/ca\/wp-json\/wp\/v2\/media?parent=7128"}],"wp:term":[{"taxonomy":"category","embeddable":true,"href":"https:\/\/lacoma.com\/ca\/wp-json\/wp\/v2\/categories?post=7128"},{"taxonomy":"post_tag","embeddable":true,"href":"https:\/\/lacoma.com\/ca\/wp-json\/wp\/v2\/tags?post=7128"}],"curies":[{"name":"wp","href":"https:\/\/api.w.org\/{rel}","templated":true}]}}