{"id":6841,"date":"2022-06-16T10:04:03","date_gmt":"2022-06-16T09:04:03","guid":{"rendered":"https:\/\/lacoma.com\/realitzacio-de-formacio-en-emergencies-i-primers-auxilis\/"},"modified":"2022-06-16T10:04:03","modified_gmt":"2022-06-16T09:04:03","slug":"realitzacio-de-formacio-en-emergencies-i-primers-auxilis","status":"publish","type":"post","link":"https:\/\/lacoma.com\/ca\/realitzacio-de-formacio-en-emergencies-i-primers-auxilis\/","title":{"rendered":"Realitzaci\u00f3 de formaci\u00f3 en emerg\u00e8ncies i primers auxilis"},"content":{"rendered":"<p>A <a href=\"https:\/\/www.linkedin.com\/feed\/hashtag\/?keywords=cer%C3%A1micalacoma&amp;highlightedUpdateUrns=urn%3Ali%3Aactivity%3A6939879215324409856\" data-attribute-index=\"0\" target=\"_blank\" rel=\"noopener\">#Cer\u00e1micaLaComa<\/a> ens prenem molt en serio la seguritat dels nostres treballadors. Es per aix\u00f2, que ara fa uns dies vam realitzar formaci\u00f3 en emerg\u00e8ncies i incendis aix\u00ed com en primers auxilis.<\/p>\n<h4><!--more-->&#x1f538;Gesti\u00f3 d&#8217;emerg\u00e8ncies. Simulacres d&#8217;evacuaci\u00f3 en cas d&#8217;emerg\u00e8ncia \u2013 incendis i evacuaci\u00f3.<\/h4>\n<p>Formaci\u00f3 que vam aprofitar per a la realitzaci\u00f3 d&#8217;un simulacre d&#8217;emerg\u00e8ncia aix\u00ed com per a la realitzaci\u00f3 de pr\u00e0ctiques en l&#8217;\u00fas de diferents tipus d&#8217;extintors segons el tipus d&#8217;incendi o conat.<\/p>\n<h4><a href=\"https:\/\/lacoma.com\/wp-content\/uploads\/2022\/06\/IMG_20220526_105749.jpg\"><img decoding=\"async\" class=\"aligncenter wp-image-6827 size-full\" src=\"https:\/\/lacoma.com\/wp-content\/uploads\/2022\/06\/IMG_20220526_105749-e1655369774516.jpg\" alt=\"formaci\u00f3n en emergencias\" width=\"1200\" height=\"774\" srcset=\"https:\/\/lacoma.com\/wp-content\/uploads\/2022\/06\/IMG_20220526_105749-e1655369774516-200x129.jpg 200w, https:\/\/lacoma.com\/wp-content\/uploads\/2022\/06\/IMG_20220526_105749-e1655369774516-300x194.jpg 300w, https:\/\/lacoma.com\/wp-content\/uploads\/2022\/06\/IMG_20220526_105749-e1655369774516-400x258.jpg 400w, https:\/\/lacoma.com\/wp-content\/uploads\/2022\/06\/IMG_20220526_105749-e1655369774516-600x387.jpg 600w, https:\/\/lacoma.com\/wp-content\/uploads\/2022\/06\/IMG_20220526_105749-e1655369774516-768x495.jpg 768w, https:\/\/lacoma.com\/wp-content\/uploads\/2022\/06\/IMG_20220526_105749-e1655369774516-800x516.jpg 800w, https:\/\/lacoma.com\/wp-content\/uploads\/2022\/06\/IMG_20220526_105749-e1655369774516-1024x660.jpg 1024w, https:\/\/lacoma.com\/wp-content\/uploads\/2022\/06\/IMG_20220526_105749-e1655369774516.jpg 1200w\" sizes=\"(max-width: 1200px) 100vw, 1200px\" \/><\/a><\/h4>\n<p>&#x1f538;Emerg\u00e8ncies en front primers auxilis a l&#8217;empresa y mesures d&#8217;emerg\u00e8ncia<\/p>\n<p>Formaci\u00f3 en la que es van aprendre t\u00e8cniques de reanimaci\u00f3 aix\u00ed com de realitzaci\u00f3 de massatge card\u00edac entre altres.<\/p>\n<p><a href=\"https:\/\/lacoma.com\/wp-content\/uploads\/2022\/06\/1cfb6f60-71a4-4b78-940b-6c565fd0229f.jpg\"><img decoding=\"async\" class=\"aligncenter wp-image-6829 size-full\" src=\"https:\/\/lacoma.com\/wp-content\/uploads\/2022\/06\/1cfb6f60-71a4-4b78-940b-6c565fd0229f.jpg\" alt=\"\" width=\"1600\" height=\"800\" srcset=\"https:\/\/lacoma.com\/wp-content\/uploads\/2022\/06\/1cfb6f60-71a4-4b78-940b-6c565fd0229f-200x100.jpg 200w, https:\/\/lacoma.com\/wp-content\/uploads\/2022\/06\/1cfb6f60-71a4-4b78-940b-6c565fd0229f-300x150.jpg 300w, https:\/\/lacoma.com\/wp-content\/uploads\/2022\/06\/1cfb6f60-71a4-4b78-940b-6c565fd0229f-400x200.jpg 400w, https:\/\/lacoma.com\/wp-content\/uploads\/2022\/06\/1cfb6f60-71a4-4b78-940b-6c565fd0229f-600x300.jpg 600w, https:\/\/lacoma.com\/wp-content\/uploads\/2022\/06\/1cfb6f60-71a4-4b78-940b-6c565fd0229f-768x384.jpg 768w, https:\/\/lacoma.com\/wp-content\/uploads\/2022\/06\/1cfb6f60-71a4-4b78-940b-6c565fd0229f-800x400.jpg 800w, https:\/\/lacoma.com\/wp-content\/uploads\/2022\/06\/1cfb6f60-71a4-4b78-940b-6c565fd0229f-1024x512.jpg 1024w, https:\/\/lacoma.com\/wp-content\/uploads\/2022\/06\/1cfb6f60-71a4-4b78-940b-6c565fd0229f-1200x600.jpg 1200w, https:\/\/lacoma.com\/wp-content\/uploads\/2022\/06\/1cfb6f60-71a4-4b78-940b-6c565fd0229f-1536x768.jpg 1536w, https:\/\/lacoma.com\/wp-content\/uploads\/2022\/06\/1cfb6f60-71a4-4b78-940b-6c565fd0229f.jpg 1600w\" sizes=\"(max-width: 1600px) 100vw, 1600px\" \/><\/a><\/p>\n<p><a href=\"https:\/\/lacoma.com\/wp-content\/uploads\/2022\/06\/ad952e32-5848-4a65-b32d-b8f5fdedf09d.jpg\"><img decoding=\"async\" class=\"aligncenter wp-image-6831 size-full\" src=\"https:\/\/lacoma.com\/wp-content\/uploads\/2022\/06\/ad952e32-5848-4a65-b32d-b8f5fdedf09d-e1655369729682.jpg\" alt=\"\" width=\"800\" height=\"1096\" srcset=\"https:\/\/lacoma.com\/wp-content\/uploads\/2022\/06\/ad952e32-5848-4a65-b32d-b8f5fdedf09d-e1655369729682-200x274.jpg 200w, https:\/\/lacoma.com\/wp-content\/uploads\/2022\/06\/ad952e32-5848-4a65-b32d-b8f5fdedf09d-e1655369729682-219x300.jpg 219w, https:\/\/lacoma.com\/wp-content\/uploads\/2022\/06\/ad952e32-5848-4a65-b32d-b8f5fdedf09d-e1655369729682-400x548.jpg 400w, https:\/\/lacoma.com\/wp-content\/uploads\/2022\/06\/ad952e32-5848-4a65-b32d-b8f5fdedf09d-e1655369729682-600x822.jpg 600w, https:\/\/lacoma.com\/wp-content\/uploads\/2022\/06\/ad952e32-5848-4a65-b32d-b8f5fdedf09d-e1655369729682-747x1024.jpg 747w, https:\/\/lacoma.com\/wp-content\/uploads\/2022\/06\/ad952e32-5848-4a65-b32d-b8f5fdedf09d-e1655369729682-768x1052.jpg 768w, https:\/\/lacoma.com\/wp-content\/uploads\/2022\/06\/ad952e32-5848-4a65-b32d-b8f5fdedf09d-e1655369729682.jpg 800w\" sizes=\"(max-width: 800px) 100vw, 800px\" \/><\/a><\/p>\n<p>&#x2714;&#xfe0f;Ambd\u00f3s cursos van ser promocionats per <a href=\"https:\/\/www.hispalyt.es\/es\" target=\"_blank\" rel=\"noopener\">Hispalyt<\/a> que porta a terme actuacions formatives en materia de prevenci\u00f3 de riscos laborals, amb el suport de la Secretar\u00eda de Estado de Energ\u00eda del Ministerio para la Transici\u00f3n Ecol\u00f3gica y el Reto Demogr\u00e1fico (MITECO)<\/p>\n<p>Formacions integrades dins del Pla de formaci\u00f3 de l&#8217;empresa i que van despertar gran inter\u00e8s entre tota la plantilla.<\/p>\n","protected":false},"excerpt":{"rendered":"<p>A #Cer\u00e1micaLaComa ens prenem molt en serio la seguritat dels nostres treballadors. Es per aix\u00f2, que ara fa uns dies vam realitzar formaci\u00f3 en emerg\u00e8ncies i incendis aix\u00ed com en primers auxilis.<\/p>\n","protected":false},"author":1,"featured_media":6826,"comment_status":"open","ping_status":"open","sticky":false,"template":"","format":"standard","meta":{"_acf_changed":false,"footnotes":""},"categories":[150],"tags":[],"class_list":["post-6841","post","type-post","status-publish","format-standard","has-post-thumbnail","hentry","category-fires-i-esdeveniments"],"acf":[],"_links":{"self":[{"href":"https:\/\/lacoma.com\/ca\/wp-json\/wp\/v2\/posts\/6841","targetHints":{"allow":["GET"]}}],"collection":[{"href":"https:\/\/lacoma.com\/ca\/wp-json\/wp\/v2\/posts"}],"about":[{"href":"https:\/\/lacoma.com\/ca\/wp-json\/wp\/v2\/types\/post"}],"author":[{"embeddable":true,"href":"https:\/\/lacoma.com\/ca\/wp-json\/wp\/v2\/users\/1"}],"replies":[{"embeddable":true,"href":"https:\/\/lacoma.com\/ca\/wp-json\/wp\/v2\/comments?post=6841"}],"version-history":[{"count":0,"href":"https:\/\/lacoma.com\/ca\/wp-json\/wp\/v2\/posts\/6841\/revisions"}],"wp:featuredmedia":[{"embeddable":true,"href":"https:\/\/lacoma.com\/ca\/wp-json\/wp\/v2\/media\/6826"}],"wp:attachment":[{"href":"https:\/\/lacoma.com\/ca\/wp-json\/wp\/v2\/media?parent=6841"}],"wp:term":[{"taxonomy":"category","embeddable":true,"href":"https:\/\/lacoma.com\/ca\/wp-json\/wp\/v2\/categories?post=6841"},{"taxonomy":"post_tag","embeddable":true,"href":"https:\/\/lacoma.com\/ca\/wp-json\/wp\/v2\/tags?post=6841"}],"curies":[{"name":"wp","href":"https:\/\/api.w.org\/{rel}","templated":true}]}}