{"id":5066,"date":"2018-03-01T10:08:53","date_gmt":"2018-03-01T09:08:53","guid":{"rendered":"https:\/\/lacoma.com\/nou-bloc-de-termoarcilla-eco3-en-gruix-de-24-cm\/"},"modified":"2019-07-11T09:22:05","modified_gmt":"2019-07-11T08:22:05","slug":"nou-bloc-de-termoarcilla-eco3-en-gruix-de-24-cm","status":"publish","type":"post","link":"https:\/\/lacoma.com\/ca\/nou-bloc-de-termoarcilla-eco3-en-gruix-de-24-cm\/","title":{"rendered":"Nou bloc de Termoarcilla ECO3 en gruix de 24 cm"},"content":{"rendered":"<p>Introdu\u00efm una nova mesura a la fam\u00edlia dels blocs Termoarcilla ECO3: la de 24 cm<\/p>\n<p><!--more--><\/p>\n<p>Per complir amb els nous requisits del CTE o est\u00e0ndards m\u00e9s exigents com el Passivhaus, en comparaci\u00f3 amb altres peces, el bloc <a href=\"https:\/\/lacoma.com\/ca\/producte\/termoarcilla-eco3-de-24\/\">Termoarcilla ECO3 de 24 cm<\/a> permet estalviar uns cm s de mur en combinaci\u00f3 de l&#8217;a\u00efllament SATE o extradossat interior obtenint els mateixos valors d&#8217;a\u00efllament t\u00e8rmic que altres soluciones.<\/p>\n<p>El nou bloc Termoarcilla ECO3 de 24 cm se suma a la mesura ja existent de <a href=\"https:\/\/lacoma.com\/ca\/producte\/termoarcilla-eco3-de-29\/\">29 cm<\/a>.<\/p>\n","protected":false},"excerpt":{"rendered":"<p>Introdu\u00efm una nova mesura a la fam\u00edlia dels blocs Termoarcilla ECO3: la de 24 cm<\/p>\n","protected":false},"author":1,"featured_media":3857,"comment_status":"open","ping_status":"open","sticky":false,"template":"","format":"standard","meta":{"_acf_changed":false,"footnotes":""},"categories":[152],"tags":[],"class_list":["post-5066","post","type-post","status-publish","format-standard","has-post-thumbnail","hentry","category-productes"],"acf":[],"_links":{"self":[{"href":"https:\/\/lacoma.com\/ca\/wp-json\/wp\/v2\/posts\/5066","targetHints":{"allow":["GET"]}}],"collection":[{"href":"https:\/\/lacoma.com\/ca\/wp-json\/wp\/v2\/posts"}],"about":[{"href":"https:\/\/lacoma.com\/ca\/wp-json\/wp\/v2\/types\/post"}],"author":[{"embeddable":true,"href":"https:\/\/lacoma.com\/ca\/wp-json\/wp\/v2\/users\/1"}],"replies":[{"embeddable":true,"href":"https:\/\/lacoma.com\/ca\/wp-json\/wp\/v2\/comments?post=5066"}],"version-history":[{"count":0,"href":"https:\/\/lacoma.com\/ca\/wp-json\/wp\/v2\/posts\/5066\/revisions"}],"wp:featuredmedia":[{"embeddable":true,"href":"https:\/\/lacoma.com\/ca\/wp-json\/wp\/v2\/media\/3857"}],"wp:attachment":[{"href":"https:\/\/lacoma.com\/ca\/wp-json\/wp\/v2\/media?parent=5066"}],"wp:term":[{"taxonomy":"category","embeddable":true,"href":"https:\/\/lacoma.com\/ca\/wp-json\/wp\/v2\/categories?post=5066"},{"taxonomy":"post_tag","embeddable":true,"href":"https:\/\/lacoma.com\/ca\/wp-json\/wp\/v2\/tags?post=5066"}],"curies":[{"name":"wp","href":"https:\/\/api.w.org\/{rel}","templated":true}]}}