{"id":4046,"date":"2019-02-27T18:00:28","date_gmt":"2019-02-27T16:00:28","guid":{"rendered":"https:\/\/lacoma.com\/?p=4046"},"modified":"2019-07-08T10:23:18","modified_gmt":"2019-07-08T09:23:18","slug":"jornada-de-envolventes-ceramicas-para-edificios-de-consumo-casi-nulo-eccn-con-termoarcilla","status":"publish","type":"post","link":"https:\/\/lacoma.com\/ca\/jornada-de-envolventes-ceramicas-para-edificios-de-consumo-casi-nulo-eccn-con-termoarcilla\/","title":{"rendered":"Jornada de Envolvents cer\u00e0miques per a edificis de consum gaireb\u00e9 nul (ECCN) amb Termoarcilla"},"content":{"rendered":"<p>Cer\u00e0mica La Coma assisteix com a fabricant a la jornada impartida pel <a href=\"http:\/\/www.termoarcilla.com\" target=\"_blank\" rel=\"noopener\">Consorci Termoarcilla<\/a> i <a href=\"http:\/\/hispalyt.es\/es\" target=\"_blank\" rel=\"noopener\">Hispalyt<\/a> al Col\u00b7legi Oficial d&#8217;Arquitectes T\u00e8cnics de Saragossa (<a href=\"http:\/\/www.coaatz.org\/\" target=\"_blank\" rel=\"noopener\">COAATZ<\/a>) sobre &#8220;Envolvents cer\u00e0miques per a edificis de consum gaireb\u00e9 nul (ECCN): Structura i Termoarcilla&#8221;, oferint documentaci\u00f3 i ensenyant mostres dels blocs <a href=\"https:\/\/lacoma.com\/ca\/producte\/termoarcilla-eco3\/\">Termoarcilla ECO3<\/a>.<\/p>\n<p><!--more--><\/p>\n<p>La pon\u00e8ncia va ser impartida per Jos\u00e9 Luis Valenci\u00e0, arquitecte i assessor t\u00e8cnic del Consorci, explicant els tipus, prestacions i avantatges del bloc Termoarcilla i Termoarcilla ECO3, aix\u00ed com el funcionament del <a href=\"http:\/\/buscador.termoarcilla.com\/\" target=\"_blank\" rel=\"noopener\">cercador de solucions Termoarcilla<\/a> i es van exposar exemples d&#8217;obres realitzades amb aquests materials, oferint solucions per a la construcci\u00f3 d&#8217;edificis de consum gaireb\u00e9 nul i Passivhaus.<\/p>\n","protected":false},"excerpt":{"rendered":"<p>Cer\u00e0mica La Coma assisteix com a fabricant a la jornada impartida pel Consorci Termoarcilla i Hispalyt al Col\u00b7legi Oficial d&#8217;Arquitectes T\u00e8cnics de Saragossa (COAATZ) sobre &#8220;Envolvents cer\u00e0miques per a edificis de consum gaireb\u00e9 nul (ECCN): Structura i Termoarcilla&#8221;, oferint documentaci\u00f3 i ensenyant mostres dels blocs Termoarcilla ECO3.<\/p>\n","protected":false},"author":1,"featured_media":3836,"comment_status":"open","ping_status":"open","sticky":false,"template":"","format":"standard","meta":{"_acf_changed":false,"footnotes":""},"categories":[150],"tags":[],"class_list":["post-4046","post","type-post","status-publish","format-standard","has-post-thumbnail","hentry","category-fires-i-esdeveniments"],"acf":[],"_links":{"self":[{"href":"https:\/\/lacoma.com\/ca\/wp-json\/wp\/v2\/posts\/4046","targetHints":{"allow":["GET"]}}],"collection":[{"href":"https:\/\/lacoma.com\/ca\/wp-json\/wp\/v2\/posts"}],"about":[{"href":"https:\/\/lacoma.com\/ca\/wp-json\/wp\/v2\/types\/post"}],"author":[{"embeddable":true,"href":"https:\/\/lacoma.com\/ca\/wp-json\/wp\/v2\/users\/1"}],"replies":[{"embeddable":true,"href":"https:\/\/lacoma.com\/ca\/wp-json\/wp\/v2\/comments?post=4046"}],"version-history":[{"count":0,"href":"https:\/\/lacoma.com\/ca\/wp-json\/wp\/v2\/posts\/4046\/revisions"}],"wp:featuredmedia":[{"embeddable":true,"href":"https:\/\/lacoma.com\/ca\/wp-json\/wp\/v2\/media\/3836"}],"wp:attachment":[{"href":"https:\/\/lacoma.com\/ca\/wp-json\/wp\/v2\/media?parent=4046"}],"wp:term":[{"taxonomy":"category","embeddable":true,"href":"https:\/\/lacoma.com\/ca\/wp-json\/wp\/v2\/categories?post=4046"},{"taxonomy":"post_tag","embeddable":true,"href":"https:\/\/lacoma.com\/ca\/wp-json\/wp\/v2\/tags?post=4046"}],"curies":[{"name":"wp","href":"https:\/\/api.w.org\/{rel}","templated":true}]}}